{"id":175,"date":"2025-08-20T13:53:58","date_gmt":"2025-08-20T13:53:58","guid":{"rendered":"https:\/\/vhg.simpledigital.dev\/vhg-gymnastik\/?p=175"},"modified":"2025-08-20T13:55:15","modified_gmt":"2025-08-20T13:55:15","slug":"traener-soges-2","status":"publish","type":"post","link":"https:\/\/v-h-g.dk\/vhg-gymnastik\/traener-soges-2\/","title":{"rendered":"Tr\u00e6ner til Minispring (Gymnastik for b\u00f8rn 5 \u00e5r \u2013 0. kl.)\u00a0S\u00f8ges"},"content":{"rendered":"\t\t<div data-elementor-type=\"wp-post\" data-elementor-id=\"175\" class=\"elementor elementor-175\" data-elementor-post-type=\"post\">\n\t\t\t\t<div class=\"elementor-element elementor-element-a144083 e-flex e-con-boxed e-con e-parent\" data-id=\"a144083\" data-element_type=\"container\" data-e-type=\"container\">\n\t\t\t\t\t<div class=\"e-con-inner\">\n\t\t\t\t<div class=\"elementor-element elementor-element-a347662 elementor-widget elementor-widget-text-editor\" data-id=\"a347662\" data-element_type=\"widget\" data-e-type=\"widget\" data-widget_type=\"text-editor.default\">\n\t\t\t\t<div class=\"elementor-widget-container\">\n\t\t\t\t\t\t\t\t\t<p><strong>VHG s\u00f8ger tr\u00e6ner til Minispring (Gymnastik for b\u00f8rn 5 \u00e5r \u2013 0. kl.)\u00a0 \u00a0\u00a0<\/strong><\/p><p><strong>Vallekilde-H\u00f8rve Gymnastikforening (VHG)<\/strong> s\u00f8ger en engageret og glad tr\u00e6ner til vores <strong>Minispring-hold<\/strong> \u2013 gymnastik for b\u00f8rn i alderen 5 \u00e5r til 0. klasse.<\/p><p><strong>Om holdet:<\/strong><br \/>Minispring er et hold, hvor vi med leg og bev\u00e6gelse arbejder med de grundl\u00e6ggende f\u00e6rdigheder inden for gymnastik. Hver uge s\u00e6tter vi forskellige redskabsbaner op, hvor b\u00f8rnene kan \u00f8ve spring, balance, motorik og koordination \u2013 alt sammen i trygge og sjove rammer.<\/p><p><strong>Vi s\u00f8ger dig, som:<\/strong><\/p><ul><li>Har lyst til at arbejde med b\u00f8rn og give dem en god oplevelse med gymnastik<\/li><li>Er positiv, ansvarsfuld og m\u00f8destabil<\/li><li>Kan lide at planl\u00e6gge og afholde aktive og sjove tr\u00e6ninger<\/li><li>Gerne har erfaring med gymnastik \u2013 men det er ikke et krav<\/li><\/ul><p><strong>Vi tilbyder:<\/strong><\/p><ul><li>En god opstart og st\u00f8tte fra erfarne tr\u00e6nere\u00a0\u00a0\u00a0\u00a0\u00a0\u00a0\u00a0\u00a0\u00a0\u00a0\u00a0\u00a0\u00a0\u00a0\u00a0\u00a0\u00a0 \u00a0\u00a0<\/li><li>Et godt f\u00e6llesskab i foreningen<\/li><li>Mulighed for relevante kurser<\/li><\/ul><p><strong>Lyder det som noget for dig?<\/strong><\/p><p><br \/>S\u00e5 kontakt <strong>Nadia Mosegaard<\/strong> p\u00e5 20 14 56 21 eller <a href=\"mailto:nadia.mosegaard@v-h-g.dk\" data-cke-saved-href=\"mailto:nadia.mosegaard@v-h-g.dk\">nadia.mosegaard@v-h-g.dk<\/a> eller<\/p><p><strong>Marianne Hoffmann <\/strong>p\u00e5 21 75 80 03 eller <a href=\"mailto:marianne.hoffmann@v-h-g.dk\" data-cke-saved-href=\"mailto:marianne.hoffmann@v-h-g.dk\">marianne.hoffmann@v-h-g.dk<\/a> for en uforpligtende snak.<\/p><p>Vi gl\u00e6der os til at h\u00f8re fra dig!<\/p><p class=\"ark_noblock\"><img decoding=\"async\" id=\"\" title=\"\" src=\"0\" alt=\"\" width=\"640\" data-cke-saved-src=\"0\" \/><\/p>\t\t\t\t\t\t\t\t<\/div>\n\t\t\t\t<\/div>\n\t\t\t\t\t<\/div>\n\t\t\t\t<\/div>\n\t\t\t\t<\/div>\n\t\t","protected":false},"excerpt":{"rendered":"<p>VHG s\u00f8ger tr\u00e6ner til Minispring (Gymnastik for b\u00f8rn 5 \u00e5r \u2013 0. kl.)\u00a0 \u00a0\u00a0 Vallekilde-H\u00f8rve Gymnastikforening (VHG) s\u00f8ger en engageret og glad tr\u00e6ner til vores Minispring-hold \u2013 gymnastik for b\u00f8rn i alderen 5 \u00e5r til 0. klasse. Om holdet:Minispring er et hold, hvor vi med leg og bev\u00e6gelse arbejder med de grundl\u00e6ggende f\u00e6rdigheder inden for [&hellip;]<\/p>\n","protected":false},"author":1,"featured_media":0,"comment_status":"open","ping_status":"open","sticky":false,"template":"","format":"standard","meta":{"_acf_changed":false,"inline_featured_image":false,"footnotes":""},"categories":[8],"tags":[],"class_list":["post-175","post","type-post","status-publish","format-standard","hentry","category-gymnastik"],"acf":[],"yoast_head":"<!-- This site is optimized with the Yoast SEO plugin v27.4 - https:\/\/yoast.com\/product\/yoast-seo-wordpress\/ -->\n<title>Tr\u00e6ner til Minispring (Gymnastik for b\u00f8rn 5 \u00e5r \u2013 0. kl.)\u00a0S\u00f8ges - VHG Gymnastik<\/title>\n<meta name=\"robots\" content=\"index, follow, max-snippet:-1, max-image-preview:large, max-video-preview:-1\" \/>\n<link rel=\"canonical\" href=\"https:\/\/v-h-g.dk\/vhg-gymnastik\/traener-soges-2\/\" \/>\n<meta property=\"og:locale\" content=\"da_DK\" \/>\n<meta property=\"og:type\" content=\"article\" \/>\n<meta property=\"og:title\" content=\"Tr\u00e6ner til Minispring (Gymnastik for b\u00f8rn 5 \u00e5r \u2013 0. kl.)\u00a0S\u00f8ges - VHG Gymnastik\" \/>\n<meta property=\"og:description\" content=\"VHG s\u00f8ger tr\u00e6ner til Minispring (Gymnastik for b\u00f8rn 5 \u00e5r \u2013 0. kl.)\u00a0 \u00a0\u00a0 Vallekilde-H\u00f8rve Gymnastikforening (VHG) s\u00f8ger en engageret og glad tr\u00e6ner til vores Minispring-hold \u2013 gymnastik for b\u00f8rn i alderen 5 \u00e5r til 0. klasse. Om holdet:Minispring er et hold, hvor vi med leg og bev\u00e6gelse arbejder med de grundl\u00e6ggende f\u00e6rdigheder inden for [&hellip;]\" \/>\n<meta property=\"og:url\" content=\"https:\/\/v-h-g.dk\/vhg-gymnastik\/traener-soges-2\/\" \/>\n<meta property=\"og:site_name\" content=\"VHG Gymnastik\" \/>\n<meta property=\"article:published_time\" content=\"2025-08-20T13:53:58+00:00\" \/>\n<meta property=\"article:modified_time\" content=\"2025-08-20T13:55:15+00:00\" \/>\n<meta name=\"author\" content=\"nmadmin\" \/>\n<meta name=\"twitter:card\" content=\"summary_large_image\" \/>\n<meta name=\"twitter:label1\" content=\"Skrevet af\" \/>\n\t<meta name=\"twitter:data1\" content=\"nmadmin\" \/>\n\t<meta name=\"twitter:label2\" content=\"Estimeret l\u00e6setid\" \/>\n\t<meta name=\"twitter:data2\" content=\"2 minutter\" \/>\n<script type=\"application\/ld+json\" class=\"yoast-schema-graph\">{\"@context\":\"https:\\\/\\\/schema.org\",\"@graph\":[{\"@type\":\"Article\",\"@id\":\"https:\\\/\\\/v-h-g.dk\\\/vhg-gymnastik\\\/traener-soges-2\\\/#article\",\"isPartOf\":{\"@id\":\"https:\\\/\\\/v-h-g.dk\\\/vhg-gymnastik\\\/traener-soges-2\\\/\"},\"author\":{\"name\":\"nmadmin\",\"@id\":\"https:\\\/\\\/v-h-g.dk\\\/vhg-gymnastik\\\/#\\\/schema\\\/person\\\/0b5dd03628b77f6087266712c7dfb091\"},\"headline\":\"Tr\u00e6ner til Minispring (Gymnastik for b\u00f8rn 5 \u00e5r \u2013 0. kl.)\u00a0S\u00f8ges\",\"datePublished\":\"2025-08-20T13:53:58+00:00\",\"dateModified\":\"2025-08-20T13:55:15+00:00\",\"mainEntityOfPage\":{\"@id\":\"https:\\\/\\\/v-h-g.dk\\\/vhg-gymnastik\\\/traener-soges-2\\\/\"},\"wordCount\":208,\"commentCount\":0,\"publisher\":{\"@id\":\"https:\\\/\\\/v-h-g.dk\\\/vhg-gymnastik\\\/#organization\"},\"articleSection\":[\"Gymnastik\"],\"inLanguage\":\"da-DK\",\"potentialAction\":[{\"@type\":\"CommentAction\",\"name\":\"Comment\",\"target\":[\"https:\\\/\\\/v-h-g.dk\\\/vhg-gymnastik\\\/traener-soges-2\\\/#respond\"]}]},{\"@type\":\"WebPage\",\"@id\":\"https:\\\/\\\/v-h-g.dk\\\/vhg-gymnastik\\\/traener-soges-2\\\/\",\"url\":\"https:\\\/\\\/v-h-g.dk\\\/vhg-gymnastik\\\/traener-soges-2\\\/\",\"name\":\"Tr\u00e6ner til Minispring (Gymnastik for b\u00f8rn 5 \u00e5r \u2013 0. kl.)\u00a0S\u00f8ges - VHG Gymnastik\",\"isPartOf\":{\"@id\":\"https:\\\/\\\/v-h-g.dk\\\/vhg-gymnastik\\\/#website\"},\"datePublished\":\"2025-08-20T13:53:58+00:00\",\"dateModified\":\"2025-08-20T13:55:15+00:00\",\"breadcrumb\":{\"@id\":\"https:\\\/\\\/v-h-g.dk\\\/vhg-gymnastik\\\/traener-soges-2\\\/#breadcrumb\"},\"inLanguage\":\"da-DK\",\"potentialAction\":[{\"@type\":\"ReadAction\",\"target\":[\"https:\\\/\\\/v-h-g.dk\\\/vhg-gymnastik\\\/traener-soges-2\\\/\"]}]},{\"@type\":\"BreadcrumbList\",\"@id\":\"https:\\\/\\\/v-h-g.dk\\\/vhg-gymnastik\\\/traener-soges-2\\\/#breadcrumb\",\"itemListElement\":[{\"@type\":\"ListItem\",\"position\":1,\"name\":\"Home\",\"item\":\"https:\\\/\\\/v-h-g.dk\\\/vhg-gymnastik\\\/\"},{\"@type\":\"ListItem\",\"position\":2,\"name\":\"Tr\u00e6ner til Minispring (Gymnastik for b\u00f8rn 5 \u00e5r \u2013 0. kl.)\u00a0S\u00f8ges\"}]},{\"@type\":\"WebSite\",\"@id\":\"https:\\\/\\\/v-h-g.dk\\\/vhg-gymnastik\\\/#website\",\"url\":\"https:\\\/\\\/v-h-g.dk\\\/vhg-gymnastik\\\/\",\"name\":\"VHG Gymnastik\",\"description\":\"\",\"publisher\":{\"@id\":\"https:\\\/\\\/v-h-g.dk\\\/vhg-gymnastik\\\/#organization\"},\"potentialAction\":[{\"@type\":\"SearchAction\",\"target\":{\"@type\":\"EntryPoint\",\"urlTemplate\":\"https:\\\/\\\/v-h-g.dk\\\/vhg-gymnastik\\\/?s={search_term_string}\"},\"query-input\":{\"@type\":\"PropertyValueSpecification\",\"valueRequired\":true,\"valueName\":\"search_term_string\"}}],\"inLanguage\":\"da-DK\"},{\"@type\":\"Organization\",\"@id\":\"https:\\\/\\\/v-h-g.dk\\\/vhg-gymnastik\\\/#organization\",\"name\":\"VHG Gymnastik\",\"url\":\"https:\\\/\\\/v-h-g.dk\\\/vhg-gymnastik\\\/\",\"logo\":{\"@type\":\"ImageObject\",\"inLanguage\":\"da-DK\",\"@id\":\"https:\\\/\\\/v-h-g.dk\\\/vhg-gymnastik\\\/#\\\/schema\\\/logo\\\/image\\\/\",\"url\":\"https:\\\/\\\/v-h-g.dk\\\/vhg-gymnastik\\\/wp-content\\\/uploads\\\/sites\\\/6\\\/2024\\\/06\\\/logo.png\",\"contentUrl\":\"https:\\\/\\\/v-h-g.dk\\\/vhg-gymnastik\\\/wp-content\\\/uploads\\\/sites\\\/6\\\/2024\\\/06\\\/logo.png\",\"width\":110,\"height\":126,\"caption\":\"VHG Gymnastik\"},\"image\":{\"@id\":\"https:\\\/\\\/v-h-g.dk\\\/vhg-gymnastik\\\/#\\\/schema\\\/logo\\\/image\\\/\"}},{\"@type\":\"Person\",\"@id\":\"https:\\\/\\\/v-h-g.dk\\\/vhg-gymnastik\\\/#\\\/schema\\\/person\\\/0b5dd03628b77f6087266712c7dfb091\",\"name\":\"nmadmin\",\"image\":{\"@type\":\"ImageObject\",\"inLanguage\":\"da-DK\",\"@id\":\"https:\\\/\\\/secure.gravatar.com\\\/avatar\\\/0ad8e294de23f30ea18620f2f2ef45ef6647add3096aff0db59ba1683c0a50b1?s=96&d=mm&r=g\",\"url\":\"https:\\\/\\\/secure.gravatar.com\\\/avatar\\\/0ad8e294de23f30ea18620f2f2ef45ef6647add3096aff0db59ba1683c0a50b1?s=96&d=mm&r=g\",\"contentUrl\":\"https:\\\/\\\/secure.gravatar.com\\\/avatar\\\/0ad8e294de23f30ea18620f2f2ef45ef6647add3096aff0db59ba1683c0a50b1?s=96&d=mm&r=g\",\"caption\":\"nmadmin\"},\"url\":\"https:\\\/\\\/v-h-g.dk\\\/vhg-gymnastik\\\/author\\\/nmadmin\\\/\"}]}<\/script>\n<!-- \/ Yoast SEO plugin. -->","yoast_head_json":{"title":"Tr\u00e6ner til Minispring (Gymnastik for b\u00f8rn 5 \u00e5r \u2013 0. kl.)\u00a0S\u00f8ges - VHG Gymnastik","robots":{"index":"index","follow":"follow","max-snippet":"max-snippet:-1","max-image-preview":"max-image-preview:large","max-video-preview":"max-video-preview:-1"},"canonical":"https:\/\/v-h-g.dk\/vhg-gymnastik\/traener-soges-2\/","og_locale":"da_DK","og_type":"article","og_title":"Tr\u00e6ner til Minispring (Gymnastik for b\u00f8rn 5 \u00e5r \u2013 0. kl.)\u00a0S\u00f8ges - VHG Gymnastik","og_description":"VHG s\u00f8ger tr\u00e6ner til Minispring (Gymnastik for b\u00f8rn 5 \u00e5r \u2013 0. kl.)\u00a0 \u00a0\u00a0 Vallekilde-H\u00f8rve Gymnastikforening (VHG) s\u00f8ger en engageret og glad tr\u00e6ner til vores Minispring-hold \u2013 gymnastik for b\u00f8rn i alderen 5 \u00e5r til 0. klasse. Om holdet:Minispring er et hold, hvor vi med leg og bev\u00e6gelse arbejder med de grundl\u00e6ggende f\u00e6rdigheder inden for [&hellip;]","og_url":"https:\/\/v-h-g.dk\/vhg-gymnastik\/traener-soges-2\/","og_site_name":"VHG Gymnastik","article_published_time":"2025-08-20T13:53:58+00:00","article_modified_time":"2025-08-20T13:55:15+00:00","author":"nmadmin","twitter_card":"summary_large_image","twitter_misc":{"Skrevet af":"nmadmin","Estimeret l\u00e6setid":"2 minutter"},"schema":{"@context":"https:\/\/schema.org","@graph":[{"@type":"Article","@id":"https:\/\/v-h-g.dk\/vhg-gymnastik\/traener-soges-2\/#article","isPartOf":{"@id":"https:\/\/v-h-g.dk\/vhg-gymnastik\/traener-soges-2\/"},"author":{"name":"nmadmin","@id":"https:\/\/v-h-g.dk\/vhg-gymnastik\/#\/schema\/person\/0b5dd03628b77f6087266712c7dfb091"},"headline":"Tr\u00e6ner til Minispring (Gymnastik for b\u00f8rn 5 \u00e5r \u2013 0. kl.)\u00a0S\u00f8ges","datePublished":"2025-08-20T13:53:58+00:00","dateModified":"2025-08-20T13:55:15+00:00","mainEntityOfPage":{"@id":"https:\/\/v-h-g.dk\/vhg-gymnastik\/traener-soges-2\/"},"wordCount":208,"commentCount":0,"publisher":{"@id":"https:\/\/v-h-g.dk\/vhg-gymnastik\/#organization"},"articleSection":["Gymnastik"],"inLanguage":"da-DK","potentialAction":[{"@type":"CommentAction","name":"Comment","target":["https:\/\/v-h-g.dk\/vhg-gymnastik\/traener-soges-2\/#respond"]}]},{"@type":"WebPage","@id":"https:\/\/v-h-g.dk\/vhg-gymnastik\/traener-soges-2\/","url":"https:\/\/v-h-g.dk\/vhg-gymnastik\/traener-soges-2\/","name":"Tr\u00e6ner til Minispring (Gymnastik for b\u00f8rn 5 \u00e5r \u2013 0. kl.)\u00a0S\u00f8ges - VHG Gymnastik","isPartOf":{"@id":"https:\/\/v-h-g.dk\/vhg-gymnastik\/#website"},"datePublished":"2025-08-20T13:53:58+00:00","dateModified":"2025-08-20T13:55:15+00:00","breadcrumb":{"@id":"https:\/\/v-h-g.dk\/vhg-gymnastik\/traener-soges-2\/#breadcrumb"},"inLanguage":"da-DK","potentialAction":[{"@type":"ReadAction","target":["https:\/\/v-h-g.dk\/vhg-gymnastik\/traener-soges-2\/"]}]},{"@type":"BreadcrumbList","@id":"https:\/\/v-h-g.dk\/vhg-gymnastik\/traener-soges-2\/#breadcrumb","itemListElement":[{"@type":"ListItem","position":1,"name":"Home","item":"https:\/\/v-h-g.dk\/vhg-gymnastik\/"},{"@type":"ListItem","position":2,"name":"Tr\u00e6ner til Minispring (Gymnastik for b\u00f8rn 5 \u00e5r \u2013 0. kl.)\u00a0S\u00f8ges"}]},{"@type":"WebSite","@id":"https:\/\/v-h-g.dk\/vhg-gymnastik\/#website","url":"https:\/\/v-h-g.dk\/vhg-gymnastik\/","name":"VHG Gymnastik","description":"","publisher":{"@id":"https:\/\/v-h-g.dk\/vhg-gymnastik\/#organization"},"potentialAction":[{"@type":"SearchAction","target":{"@type":"EntryPoint","urlTemplate":"https:\/\/v-h-g.dk\/vhg-gymnastik\/?s={search_term_string}"},"query-input":{"@type":"PropertyValueSpecification","valueRequired":true,"valueName":"search_term_string"}}],"inLanguage":"da-DK"},{"@type":"Organization","@id":"https:\/\/v-h-g.dk\/vhg-gymnastik\/#organization","name":"VHG Gymnastik","url":"https:\/\/v-h-g.dk\/vhg-gymnastik\/","logo":{"@type":"ImageObject","inLanguage":"da-DK","@id":"https:\/\/v-h-g.dk\/vhg-gymnastik\/#\/schema\/logo\/image\/","url":"https:\/\/v-h-g.dk\/vhg-gymnastik\/wp-content\/uploads\/sites\/6\/2024\/06\/logo.png","contentUrl":"https:\/\/v-h-g.dk\/vhg-gymnastik\/wp-content\/uploads\/sites\/6\/2024\/06\/logo.png","width":110,"height":126,"caption":"VHG Gymnastik"},"image":{"@id":"https:\/\/v-h-g.dk\/vhg-gymnastik\/#\/schema\/logo\/image\/"}},{"@type":"Person","@id":"https:\/\/v-h-g.dk\/vhg-gymnastik\/#\/schema\/person\/0b5dd03628b77f6087266712c7dfb091","name":"nmadmin","image":{"@type":"ImageObject","inLanguage":"da-DK","@id":"https:\/\/secure.gravatar.com\/avatar\/0ad8e294de23f30ea18620f2f2ef45ef6647add3096aff0db59ba1683c0a50b1?s=96&d=mm&r=g","url":"https:\/\/secure.gravatar.com\/avatar\/0ad8e294de23f30ea18620f2f2ef45ef6647add3096aff0db59ba1683c0a50b1?s=96&d=mm&r=g","contentUrl":"https:\/\/secure.gravatar.com\/avatar\/0ad8e294de23f30ea18620f2f2ef45ef6647add3096aff0db59ba1683c0a50b1?s=96&d=mm&r=g","caption":"nmadmin"},"url":"https:\/\/v-h-g.dk\/vhg-gymnastik\/author\/nmadmin\/"}]}},"_links":{"self":[{"href":"https:\/\/v-h-g.dk\/vhg-gymnastik\/wp-json\/wp\/v2\/posts\/175","targetHints":{"allow":["GET"]}}],"collection":[{"href":"https:\/\/v-h-g.dk\/vhg-gymnastik\/wp-json\/wp\/v2\/posts"}],"about":[{"href":"https:\/\/v-h-g.dk\/vhg-gymnastik\/wp-json\/wp\/v2\/types\/post"}],"author":[{"embeddable":true,"href":"https:\/\/v-h-g.dk\/vhg-gymnastik\/wp-json\/wp\/v2\/users\/1"}],"replies":[{"embeddable":true,"href":"https:\/\/v-h-g.dk\/vhg-gymnastik\/wp-json\/wp\/v2\/comments?post=175"}],"version-history":[{"count":4,"href":"https:\/\/v-h-g.dk\/vhg-gymnastik\/wp-json\/wp\/v2\/posts\/175\/revisions"}],"predecessor-version":[{"id":179,"href":"https:\/\/v-h-g.dk\/vhg-gymnastik\/wp-json\/wp\/v2\/posts\/175\/revisions\/179"}],"wp:attachment":[{"href":"https:\/\/v-h-g.dk\/vhg-gymnastik\/wp-json\/wp\/v2\/media?parent=175"}],"wp:term":[{"taxonomy":"category","embeddable":true,"href":"https:\/\/v-h-g.dk\/vhg-gymnastik\/wp-json\/wp\/v2\/categories?post=175"},{"taxonomy":"post_tag","embeddable":true,"href":"https:\/\/v-h-g.dk\/vhg-gymnastik\/wp-json\/wp\/v2\/tags?post=175"}],"curies":[{"name":"wp","href":"https:\/\/api.w.org\/{rel}","templated":true}]}}