{"id":180,"date":"2025-08-20T13:56:21","date_gmt":"2025-08-20T13:56:21","guid":{"rendered":"https:\/\/vhg.simpledigital.dev\/vhg-gymnastik\/?p=180"},"modified":"2025-08-20T13:57:06","modified_gmt":"2025-08-20T13:57:06","slug":"program-2025-2026","status":"publish","type":"post","link":"https:\/\/v-h-g.dk\/vhg-gymnastik\/program-2025-2026\/","title":{"rendered":"Program 2025-2026"},"content":{"rendered":"\t\t<div data-elementor-type=\"wp-post\" data-elementor-id=\"180\" class=\"elementor elementor-180\" data-elementor-post-type=\"post\">\n\t\t\t\t<div class=\"elementor-element elementor-element-840bff7 e-flex e-con-boxed e-con e-parent\" data-id=\"840bff7\" data-element_type=\"container\" data-e-type=\"container\">\n\t\t\t\t\t<div class=\"e-con-inner\">\n\t\t\t\t<div class=\"elementor-element elementor-element-dc328f1 elementor-widget elementor-widget-text-editor\" data-id=\"dc328f1\" data-element_type=\"widget\" data-e-type=\"widget\" data-widget_type=\"text-editor.default\">\n\t\t\t\t<div class=\"elementor-widget-container\">\n\t\t\t\t\t\t\t\t\t<p>Nu har Gymnastikafdelingen \u00e5bnet op for tilmelding til n\u00e6ste s\u00e6son &#8211; 2025\/2026.<br \/>Vi starter op i uge 37.<br \/><br \/>Det er med stor gl\u00e6de at vi kan fort\u00e6lle at vi igen kan tilbyde gymnastik for pensionister, takket v\u00e6re Anette som har sagt ja til at v\u00e6re tr\u00e6ner for holdet, &#8211; nu hedder det Motion for pensionister &#8211; det bliver s\u00e5 godt.<br \/><br \/>Vi starter et nyt Dansehold op for b\u00f8rn i alderen 5 &#8211; 7 \u00e5r. Det hedder Sjov med Dans.<br \/><br \/>I kan tilmelde jer de forskellige hold p\u00e5 \u2b07\ufe0f<br \/><a dir=\"ltr\" href=\"https:\/\/vhg.foreninglet.dk\/memberportal\/frontpage\" data-cke-saved-href=\"https:\/\/vhg.foreninglet.dk\/memberportal\/frontpage\">https:\/\/vhg.foreninglet.dk\/memberportal\/frontpage<\/a><br \/>&#8211; G\u00e5 ind under kontingentbetaling<br \/>&#8211; skriv hold navnet i s\u00f8gefeltet (ellers skal I scrolle meget langt ned)<br \/>&#8211; tryk p\u00e5 L\u00e6s mere &amp; Tilmeld<br \/>&#8211; Tryk k\u00f8b.<br \/>&#8211; og s\u00e5 kommer du til login, &#8211; eller opret ny.<br \/><br \/>Ved tilmelding til Jumping fra gang til gang, skal I ind under holdtilmelding.<br \/><br \/>Der er ikke \u00e5bnet for tilmelding til mindfulness endnu.<br \/><br \/>Der kommer Tilmeldings Link op til de forskellige hold, n\u00e5r vi n\u00e6rmer os opstart.<br \/><br \/>I \u00f8nskes alle en rigtig god sommerferie.<br \/><br \/>Vi gl\u00e6der os til at se jer till september.<br \/><br \/>De St\u00f8rste Sommer Hilsner<br \/>Gymnastikudvalget<\/p><p align=\"center\"><strong>Gymnastik hold s\u00e6son 2025-2026<\/strong><\/p><p><strong>Super Helte Holdet. S\u00f8ndag i <u>Lige<\/u> uger kl. 10.30 &#8211; 11.30 i salen. <em>Kamilla &amp; Marianne\u00a0<\/em><\/strong><\/p><p><strong>0 &#8211; 1\u00bd \u00e5r. Baby motorik og bev\u00e6gelse. P\u00e5 f\u00f8lgende l\u00f8rdage kl. 9.00 &#8211; 9.45 i salen <\/strong><strong><em>Dorthe &amp; Majbritt.\u00a0<\/em><\/strong>30.8.\u00a0&#8211; 4.10.\u00a0&#8211; 1.11.2025 &#8211; 10.1.\u00a0&#8211; 7.2.\u00a0&#8211; 7.3.\u00a0&#8211; 21.3.2026 &#8211; Opvisning<\/p><p><strong>1\u00bd &#8211; 3 \u00e5r. For\u00e6ldre\/barnhold. Tirsdag kl. 16.00 &#8211; 16.45 i salen.\u00a0 <\/strong><strong><em>Susanne, Asta, Cecilie og Lykke.<\/em><\/strong><\/p><p><strong>4 &#8211; 6 \u00e5r. Krudtuglerne. Onsdag kl. 16.00 &#8211; 17.00 i salen. <\/strong><strong><em>Nadia, Celina, Laura, Ella, Melissa, &amp; Liv.<\/em><\/strong><\/p><p><strong>1. &#8211; 2. kl. Mixspring. Mandag kl. 15.30 &#8211; 16.30 i hal 2. <\/strong><strong><em>Thomas N. Natasja, Laurits, Sofie, Liva &amp;. <\/em><\/strong><strong><em>Malthe.<\/em><\/strong><\/p><p><strong>5 &#8211; 7 \u00e5r. Sjov med Dans<em>. <\/em>Torsdag kl. 16.00 \u2013 17.00 i salen. <em>Ida, Anna &amp; Alberte.<\/em><\/strong><\/p><p><strong>3. &#8211; 5. kl. Mixspring<em>.<\/em> Tirsdag kl. 16.30 &#8211; 18.00 i hal 2. <\/strong><strong><em>Majken, Mikkel, Louise, Winnie, Laura &amp; Nicoline.<\/em><\/strong>\u00a0\u00a0<\/p><p><strong>6. kl. &#8211; 18 \u00e5r Juniorholdet. Mandag kl. 18.00 &#8211; 20.00 i hal 2.\u00a0 <\/strong><strong><em>Gabriella, Andreas, Magnus, &amp; Isabella.<\/em><\/strong><\/p><p><strong>Zumba. &#8211; Onsdag kl. 19.00 &#8211; 20.00 i salen. <\/strong><strong><em>Joyce og Lene.<\/em><\/strong><\/p><p><strong>Rigtige M\u00e6nd 18 \u00e5r og opefter. Torsdag 20.00 &#8211; 22.00 i hal 2. <\/strong><strong><em>Stefan og Hjalte.<\/em><\/strong><\/p><p><strong>Gymnastik som tr\u00e6ning. Mandag kl. 16.45 &#8211; 18.00 i hal 2. <\/strong><strong><em>Gitte.<\/em><\/strong><\/p><p><strong>Motion for pensionister. Mandag kl. 16.00 \u2013 17.00 i salen. <em>Anette.<\/em><\/strong><\/p><p><strong>Mindfulness. Torsdag i lige uger kl. 19.30 &#8211; 20.30 i salen. <\/strong><strong><em>Sanne.<\/em><\/strong><\/p><p><strong>Jumping Fitness Junior. Tirsdag &#8211; kl. 17.00 &#8211; 18.00 i salen. <\/strong><strong><em>\u00a0Jenni.<\/em><\/strong><\/p><p><strong>Jumping Fitness. Mandag kl. 19.00 &#8211; 20.00 i salen. <\/strong><strong><em>\u00a0Jenni.<\/em><\/strong><\/p><p><strong>Jumping Fitness. Onsdag kl. 18.00 &#8211; 19.00 i salen. \u00a0<\/strong><strong><em>Lene &amp; Jenni.<\/em><\/strong><\/p><p><strong>Yoga \u2013 langsom. Mandage 16.15 &#8211; 17.45 Aula p\u00e5 H\u00f8rve Skole. <\/strong><strong><em>Neel.<\/em><\/strong><\/p><p><strong>Yoga \u2013 almindelig. Mandage 18.00 &#8211; 19.30 p\u00e5 H\u00f8rve skole. <\/strong><strong><em>Neel.\u00a0\u00a0\u00a0\u00a0\u00a0<\/em><\/strong><\/p><p><strong>Basketball. Tirsdag kl. 16.00 &#8211; 17.30<\/strong><strong>. <em>Dan og Winston.<\/em><\/strong><\/p><p><strong>Basketball. Torsdag kl. 15.30 &#8211; 16.30<\/strong><strong>. <em>Dan og Winston.<\/em><\/strong><\/p><p>\u00a0<\/p>\t\t\t\t\t\t\t\t<\/div>\n\t\t\t\t<\/div>\n\t\t\t\t\t<\/div>\n\t\t\t\t<\/div>\n\t\t\t\t<\/div>\n\t\t","protected":false},"excerpt":{"rendered":"<p>Nu har Gymnastikafdelingen \u00e5bnet op for tilmelding til n\u00e6ste s\u00e6son &#8211; 2025\/2026.Vi starter op i uge 37. Det er med stor gl\u00e6de at vi kan fort\u00e6lle at vi igen kan tilbyde gymnastik for pensionister, takket v\u00e6re Anette som har sagt ja til at v\u00e6re tr\u00e6ner for holdet, &#8211; nu hedder det Motion for pensionister &#8211; [&hellip;]<\/p>\n","protected":false},"author":1,"featured_media":0,"comment_status":"open","ping_status":"open","sticky":false,"template":"","format":"standard","meta":{"_acf_changed":false,"inline_featured_image":false,"footnotes":""},"categories":[8],"tags":[],"class_list":["post-180","post","type-post","status-publish","format-standard","hentry","category-gymnastik"],"acf":[],"yoast_head":"<!-- This site is optimized with the Yoast SEO plugin v27.4 - https:\/\/yoast.com\/product\/yoast-seo-wordpress\/ -->\n<title>Program 2025-2026 - VHG Gymnastik<\/title>\n<meta name=\"robots\" content=\"index, follow, max-snippet:-1, max-image-preview:large, max-video-preview:-1\" \/>\n<link rel=\"canonical\" href=\"https:\/\/v-h-g.dk\/vhg-gymnastik\/program-2025-2026\/\" \/>\n<meta property=\"og:locale\" content=\"da_DK\" \/>\n<meta property=\"og:type\" content=\"article\" \/>\n<meta property=\"og:title\" content=\"Program 2025-2026 - VHG Gymnastik\" \/>\n<meta property=\"og:description\" content=\"Nu har Gymnastikafdelingen \u00e5bnet op for tilmelding til n\u00e6ste s\u00e6son &#8211; 2025\/2026.Vi starter op i uge 37. Det er med stor gl\u00e6de at vi kan fort\u00e6lle at vi igen kan tilbyde gymnastik for pensionister, takket v\u00e6re Anette som har sagt ja til at v\u00e6re tr\u00e6ner for holdet, &#8211; nu hedder det Motion for pensionister &#8211; [&hellip;]\" \/>\n<meta property=\"og:url\" content=\"https:\/\/v-h-g.dk\/vhg-gymnastik\/program-2025-2026\/\" \/>\n<meta property=\"og:site_name\" content=\"VHG Gymnastik\" \/>\n<meta property=\"article:published_time\" content=\"2025-08-20T13:56:21+00:00\" \/>\n<meta property=\"article:modified_time\" content=\"2025-08-20T13:57:06+00:00\" \/>\n<meta name=\"author\" content=\"nmadmin\" \/>\n<meta name=\"twitter:card\" content=\"summary_large_image\" \/>\n<meta name=\"twitter:label1\" content=\"Skrevet af\" \/>\n\t<meta name=\"twitter:data1\" content=\"nmadmin\" \/>\n\t<meta name=\"twitter:label2\" content=\"Estimeret l\u00e6setid\" \/>\n\t<meta name=\"twitter:data2\" content=\"3 minutter\" \/>\n<script type=\"application\/ld+json\" class=\"yoast-schema-graph\">{\"@context\":\"https:\\\/\\\/schema.org\",\"@graph\":[{\"@type\":\"Article\",\"@id\":\"https:\\\/\\\/v-h-g.dk\\\/vhg-gymnastik\\\/program-2025-2026\\\/#article\",\"isPartOf\":{\"@id\":\"https:\\\/\\\/v-h-g.dk\\\/vhg-gymnastik\\\/program-2025-2026\\\/\"},\"author\":{\"name\":\"nmadmin\",\"@id\":\"https:\\\/\\\/v-h-g.dk\\\/vhg-gymnastik\\\/#\\\/schema\\\/person\\\/0b5dd03628b77f6087266712c7dfb091\"},\"headline\":\"Program 2025-2026\",\"datePublished\":\"2025-08-20T13:56:21+00:00\",\"dateModified\":\"2025-08-20T13:57:06+00:00\",\"mainEntityOfPage\":{\"@id\":\"https:\\\/\\\/v-h-g.dk\\\/vhg-gymnastik\\\/program-2025-2026\\\/\"},\"wordCount\":446,\"commentCount\":0,\"publisher\":{\"@id\":\"https:\\\/\\\/v-h-g.dk\\\/vhg-gymnastik\\\/#organization\"},\"articleSection\":[\"Gymnastik\"],\"inLanguage\":\"da-DK\",\"potentialAction\":[{\"@type\":\"CommentAction\",\"name\":\"Comment\",\"target\":[\"https:\\\/\\\/v-h-g.dk\\\/vhg-gymnastik\\\/program-2025-2026\\\/#respond\"]}]},{\"@type\":\"WebPage\",\"@id\":\"https:\\\/\\\/v-h-g.dk\\\/vhg-gymnastik\\\/program-2025-2026\\\/\",\"url\":\"https:\\\/\\\/v-h-g.dk\\\/vhg-gymnastik\\\/program-2025-2026\\\/\",\"name\":\"Program 2025-2026 - VHG Gymnastik\",\"isPartOf\":{\"@id\":\"https:\\\/\\\/v-h-g.dk\\\/vhg-gymnastik\\\/#website\"},\"datePublished\":\"2025-08-20T13:56:21+00:00\",\"dateModified\":\"2025-08-20T13:57:06+00:00\",\"breadcrumb\":{\"@id\":\"https:\\\/\\\/v-h-g.dk\\\/vhg-gymnastik\\\/program-2025-2026\\\/#breadcrumb\"},\"inLanguage\":\"da-DK\",\"potentialAction\":[{\"@type\":\"ReadAction\",\"target\":[\"https:\\\/\\\/v-h-g.dk\\\/vhg-gymnastik\\\/program-2025-2026\\\/\"]}]},{\"@type\":\"BreadcrumbList\",\"@id\":\"https:\\\/\\\/v-h-g.dk\\\/vhg-gymnastik\\\/program-2025-2026\\\/#breadcrumb\",\"itemListElement\":[{\"@type\":\"ListItem\",\"position\":1,\"name\":\"Home\",\"item\":\"https:\\\/\\\/v-h-g.dk\\\/vhg-gymnastik\\\/\"},{\"@type\":\"ListItem\",\"position\":2,\"name\":\"Program 2025-2026\"}]},{\"@type\":\"WebSite\",\"@id\":\"https:\\\/\\\/v-h-g.dk\\\/vhg-gymnastik\\\/#website\",\"url\":\"https:\\\/\\\/v-h-g.dk\\\/vhg-gymnastik\\\/\",\"name\":\"VHG Gymnastik\",\"description\":\"\",\"publisher\":{\"@id\":\"https:\\\/\\\/v-h-g.dk\\\/vhg-gymnastik\\\/#organization\"},\"potentialAction\":[{\"@type\":\"SearchAction\",\"target\":{\"@type\":\"EntryPoint\",\"urlTemplate\":\"https:\\\/\\\/v-h-g.dk\\\/vhg-gymnastik\\\/?s={search_term_string}\"},\"query-input\":{\"@type\":\"PropertyValueSpecification\",\"valueRequired\":true,\"valueName\":\"search_term_string\"}}],\"inLanguage\":\"da-DK\"},{\"@type\":\"Organization\",\"@id\":\"https:\\\/\\\/v-h-g.dk\\\/vhg-gymnastik\\\/#organization\",\"name\":\"VHG Gymnastik\",\"url\":\"https:\\\/\\\/v-h-g.dk\\\/vhg-gymnastik\\\/\",\"logo\":{\"@type\":\"ImageObject\",\"inLanguage\":\"da-DK\",\"@id\":\"https:\\\/\\\/v-h-g.dk\\\/vhg-gymnastik\\\/#\\\/schema\\\/logo\\\/image\\\/\",\"url\":\"https:\\\/\\\/v-h-g.dk\\\/vhg-gymnastik\\\/wp-content\\\/uploads\\\/sites\\\/6\\\/2024\\\/06\\\/logo.png\",\"contentUrl\":\"https:\\\/\\\/v-h-g.dk\\\/vhg-gymnastik\\\/wp-content\\\/uploads\\\/sites\\\/6\\\/2024\\\/06\\\/logo.png\",\"width\":110,\"height\":126,\"caption\":\"VHG Gymnastik\"},\"image\":{\"@id\":\"https:\\\/\\\/v-h-g.dk\\\/vhg-gymnastik\\\/#\\\/schema\\\/logo\\\/image\\\/\"}},{\"@type\":\"Person\",\"@id\":\"https:\\\/\\\/v-h-g.dk\\\/vhg-gymnastik\\\/#\\\/schema\\\/person\\\/0b5dd03628b77f6087266712c7dfb091\",\"name\":\"nmadmin\",\"image\":{\"@type\":\"ImageObject\",\"inLanguage\":\"da-DK\",\"@id\":\"https:\\\/\\\/secure.gravatar.com\\\/avatar\\\/0ad8e294de23f30ea18620f2f2ef45ef6647add3096aff0db59ba1683c0a50b1?s=96&d=mm&r=g\",\"url\":\"https:\\\/\\\/secure.gravatar.com\\\/avatar\\\/0ad8e294de23f30ea18620f2f2ef45ef6647add3096aff0db59ba1683c0a50b1?s=96&d=mm&r=g\",\"contentUrl\":\"https:\\\/\\\/secure.gravatar.com\\\/avatar\\\/0ad8e294de23f30ea18620f2f2ef45ef6647add3096aff0db59ba1683c0a50b1?s=96&d=mm&r=g\",\"caption\":\"nmadmin\"},\"url\":\"https:\\\/\\\/v-h-g.dk\\\/vhg-gymnastik\\\/author\\\/nmadmin\\\/\"}]}<\/script>\n<!-- \/ Yoast SEO plugin. -->","yoast_head_json":{"title":"Program 2025-2026 - VHG Gymnastik","robots":{"index":"index","follow":"follow","max-snippet":"max-snippet:-1","max-image-preview":"max-image-preview:large","max-video-preview":"max-video-preview:-1"},"canonical":"https:\/\/v-h-g.dk\/vhg-gymnastik\/program-2025-2026\/","og_locale":"da_DK","og_type":"article","og_title":"Program 2025-2026 - VHG Gymnastik","og_description":"Nu har Gymnastikafdelingen \u00e5bnet op for tilmelding til n\u00e6ste s\u00e6son &#8211; 2025\/2026.Vi starter op i uge 37. Det er med stor gl\u00e6de at vi kan fort\u00e6lle at vi igen kan tilbyde gymnastik for pensionister, takket v\u00e6re Anette som har sagt ja til at v\u00e6re tr\u00e6ner for holdet, &#8211; nu hedder det Motion for pensionister &#8211; [&hellip;]","og_url":"https:\/\/v-h-g.dk\/vhg-gymnastik\/program-2025-2026\/","og_site_name":"VHG Gymnastik","article_published_time":"2025-08-20T13:56:21+00:00","article_modified_time":"2025-08-20T13:57:06+00:00","author":"nmadmin","twitter_card":"summary_large_image","twitter_misc":{"Skrevet af":"nmadmin","Estimeret l\u00e6setid":"3 minutter"},"schema":{"@context":"https:\/\/schema.org","@graph":[{"@type":"Article","@id":"https:\/\/v-h-g.dk\/vhg-gymnastik\/program-2025-2026\/#article","isPartOf":{"@id":"https:\/\/v-h-g.dk\/vhg-gymnastik\/program-2025-2026\/"},"author":{"name":"nmadmin","@id":"https:\/\/v-h-g.dk\/vhg-gymnastik\/#\/schema\/person\/0b5dd03628b77f6087266712c7dfb091"},"headline":"Program 2025-2026","datePublished":"2025-08-20T13:56:21+00:00","dateModified":"2025-08-20T13:57:06+00:00","mainEntityOfPage":{"@id":"https:\/\/v-h-g.dk\/vhg-gymnastik\/program-2025-2026\/"},"wordCount":446,"commentCount":0,"publisher":{"@id":"https:\/\/v-h-g.dk\/vhg-gymnastik\/#organization"},"articleSection":["Gymnastik"],"inLanguage":"da-DK","potentialAction":[{"@type":"CommentAction","name":"Comment","target":["https:\/\/v-h-g.dk\/vhg-gymnastik\/program-2025-2026\/#respond"]}]},{"@type":"WebPage","@id":"https:\/\/v-h-g.dk\/vhg-gymnastik\/program-2025-2026\/","url":"https:\/\/v-h-g.dk\/vhg-gymnastik\/program-2025-2026\/","name":"Program 2025-2026 - VHG Gymnastik","isPartOf":{"@id":"https:\/\/v-h-g.dk\/vhg-gymnastik\/#website"},"datePublished":"2025-08-20T13:56:21+00:00","dateModified":"2025-08-20T13:57:06+00:00","breadcrumb":{"@id":"https:\/\/v-h-g.dk\/vhg-gymnastik\/program-2025-2026\/#breadcrumb"},"inLanguage":"da-DK","potentialAction":[{"@type":"ReadAction","target":["https:\/\/v-h-g.dk\/vhg-gymnastik\/program-2025-2026\/"]}]},{"@type":"BreadcrumbList","@id":"https:\/\/v-h-g.dk\/vhg-gymnastik\/program-2025-2026\/#breadcrumb","itemListElement":[{"@type":"ListItem","position":1,"name":"Home","item":"https:\/\/v-h-g.dk\/vhg-gymnastik\/"},{"@type":"ListItem","position":2,"name":"Program 2025-2026"}]},{"@type":"WebSite","@id":"https:\/\/v-h-g.dk\/vhg-gymnastik\/#website","url":"https:\/\/v-h-g.dk\/vhg-gymnastik\/","name":"VHG Gymnastik","description":"","publisher":{"@id":"https:\/\/v-h-g.dk\/vhg-gymnastik\/#organization"},"potentialAction":[{"@type":"SearchAction","target":{"@type":"EntryPoint","urlTemplate":"https:\/\/v-h-g.dk\/vhg-gymnastik\/?s={search_term_string}"},"query-input":{"@type":"PropertyValueSpecification","valueRequired":true,"valueName":"search_term_string"}}],"inLanguage":"da-DK"},{"@type":"Organization","@id":"https:\/\/v-h-g.dk\/vhg-gymnastik\/#organization","name":"VHG Gymnastik","url":"https:\/\/v-h-g.dk\/vhg-gymnastik\/","logo":{"@type":"ImageObject","inLanguage":"da-DK","@id":"https:\/\/v-h-g.dk\/vhg-gymnastik\/#\/schema\/logo\/image\/","url":"https:\/\/v-h-g.dk\/vhg-gymnastik\/wp-content\/uploads\/sites\/6\/2024\/06\/logo.png","contentUrl":"https:\/\/v-h-g.dk\/vhg-gymnastik\/wp-content\/uploads\/sites\/6\/2024\/06\/logo.png","width":110,"height":126,"caption":"VHG Gymnastik"},"image":{"@id":"https:\/\/v-h-g.dk\/vhg-gymnastik\/#\/schema\/logo\/image\/"}},{"@type":"Person","@id":"https:\/\/v-h-g.dk\/vhg-gymnastik\/#\/schema\/person\/0b5dd03628b77f6087266712c7dfb091","name":"nmadmin","image":{"@type":"ImageObject","inLanguage":"da-DK","@id":"https:\/\/secure.gravatar.com\/avatar\/0ad8e294de23f30ea18620f2f2ef45ef6647add3096aff0db59ba1683c0a50b1?s=96&d=mm&r=g","url":"https:\/\/secure.gravatar.com\/avatar\/0ad8e294de23f30ea18620f2f2ef45ef6647add3096aff0db59ba1683c0a50b1?s=96&d=mm&r=g","contentUrl":"https:\/\/secure.gravatar.com\/avatar\/0ad8e294de23f30ea18620f2f2ef45ef6647add3096aff0db59ba1683c0a50b1?s=96&d=mm&r=g","caption":"nmadmin"},"url":"https:\/\/v-h-g.dk\/vhg-gymnastik\/author\/nmadmin\/"}]}},"_links":{"self":[{"href":"https:\/\/v-h-g.dk\/vhg-gymnastik\/wp-json\/wp\/v2\/posts\/180","targetHints":{"allow":["GET"]}}],"collection":[{"href":"https:\/\/v-h-g.dk\/vhg-gymnastik\/wp-json\/wp\/v2\/posts"}],"about":[{"href":"https:\/\/v-h-g.dk\/vhg-gymnastik\/wp-json\/wp\/v2\/types\/post"}],"author":[{"embeddable":true,"href":"https:\/\/v-h-g.dk\/vhg-gymnastik\/wp-json\/wp\/v2\/users\/1"}],"replies":[{"embeddable":true,"href":"https:\/\/v-h-g.dk\/vhg-gymnastik\/wp-json\/wp\/v2\/comments?post=180"}],"version-history":[{"count":4,"href":"https:\/\/v-h-g.dk\/vhg-gymnastik\/wp-json\/wp\/v2\/posts\/180\/revisions"}],"predecessor-version":[{"id":184,"href":"https:\/\/v-h-g.dk\/vhg-gymnastik\/wp-json\/wp\/v2\/posts\/180\/revisions\/184"}],"wp:attachment":[{"href":"https:\/\/v-h-g.dk\/vhg-gymnastik\/wp-json\/wp\/v2\/media?parent=180"}],"wp:term":[{"taxonomy":"category","embeddable":true,"href":"https:\/\/v-h-g.dk\/vhg-gymnastik\/wp-json\/wp\/v2\/categories?post=180"},{"taxonomy":"post_tag","embeddable":true,"href":"https:\/\/v-h-g.dk\/vhg-gymnastik\/wp-json\/wp\/v2\/tags?post=180"}],"curies":[{"name":"wp","href":"https:\/\/api.w.org\/{rel}","templated":true}]}}